
{"id":29681,"date":"2025-08-25T19:04:12","date_gmt":"2025-08-25T23:04:12","guid":{"rendered":"https:\/\/montrealblackfilm.com\/dany-laferriere-president-dhonneur-du-21e-fifbm-recevra-le-grand-prix-hommage-2025\/"},"modified":"2025-09-02T17:38:10","modified_gmt":"2025-09-02T21:38:10","slug":"dany-laferriere-president-dhonneur-du-21e-fifbm-recevra-le-grand-prix-hommage-2025","status":"publish","type":"post","link":"https:\/\/montrealblackfilm.com\/en\/dany-laferriere-president-dhonneur-du-21e-fifbm-recevra-le-grand-prix-hommage-2025\/","title":{"rendered":"DANY LAFERRI\u00c8RE \u2013 HONORARY PRESIDENT OF THE 21ST MIBFF \u2013 TO RECEIVE THE 2025 LIFETIME ACHIEVEMENT AWARD"},"content":{"rendered":"<p style=\"background-color:white;line-height:normal;margin:0cm;text-align:center;\">\n    <span style=\"color:#833C0B;font-family:Calibri, sans-serif;font-size:17.0pt;\"><span lang=\"EN-US\" dir=\"ltr\"><strong>DANY LAFERRI\u00c8RE \u2013 HONORARY PRESIDENT OF THE 21ST MIBFF \u2013 TO RECEIVE THE 2025 LIFETIME ACHIEVEMENT AWARD&nbsp;<\/strong><\/span><\/span>\n<\/p>\n<p style=\"background-color:white;line-height:normal;margin:0cm;text-align:center;\">\n    <span style=\"font-family:Calibri, sans-serif;font-size:11pt;\"><strong><span style=\"font-size:17.0pt;\" lang=\"EN-US\"><\/span><\/strong><\/span>\n<\/p>\n<p style=\"background-color:white;line-height:normal;margin:0cm;text-align:center;\">\n    &nbsp;\n<\/p>\n<p style=\"background-color:white;line-height:normal;margin:0cm;text-align:center;\">\n    <span style=\"color:black;font-family:Calibri, sans-serif;font-size:13.0pt;\"><i><span lang=\"EN-US\" dir=\"ltr\"><strong>The Montreal International Black Film Festival \u2013 MIBFF (September 24\u201328, 2025) celebrates 40 years of literary career, 10 years at the Acad\u00e9mie fran\u00e7aise, and Laferri\u00e8re\u2019s imprint on cinema<\/strong><\/span><\/i><\/span><span style=\"font-family:Calibri, sans-serif;font-size:11pt;\"><i><strong><span style=\"font-size:13.0pt;\" lang=\"EN-US\"><\/span><\/strong><\/i><\/span>\n<\/p>\n<p style=\"background-color:white;line-height:normal;margin:0cm;text-align:center;\">\n    <span style=\"font-family:Calibri, sans-serif;font-size:11pt;\"><i><strong><span style=\"font-size:13.0pt;\" lang=\"EN-US\"><\/span><\/strong><\/i><\/span>\n<\/p>\n<p style=\"background-color:white;line-height:normal;margin:0cm;text-align:justify;\">\n    &nbsp;\n<\/p>\n<p style=\"background-color:white;line-height:normal;margin:0cm;text-align:justify;\">\n    <span style=\"color:black;font-family:Calibri, sans-serif;font-size:12.0pt;\"><span lang=\"EN-US\" dir=\"ltr\"><strong>Montreal, August 26, 2025<\/strong> \u2014 The Montreal International Black Film Festival (MIBFF), whose 21st edition will take place from September 24 to 28, 2025, is proud to announce that writer, screenwriter, and filmmaker <strong>Dany Laferri\u00e8re<\/strong> will be the Honorary President of its 21st edition, where he will also receive the <strong>MIBFF 2025 Lifetime Achievement Award<\/strong> for his exceptional body of work and decisive contribution to the arts and society. Dany Laferri\u00e8re succeeds Spike Lee, who served as the honorary President of the 20th edition of the Montreal International Black Film Festival (MIBFF) in 2024.<\/span><\/span><span style=\"font-family:Calibri, sans-serif;font-size:11pt;\"><span style=\"font-size:12.0pt;\" lang=\"EN-US\"><\/span><\/span>\n<\/p>\n<p style=\"background-color:white;line-height:normal;margin:0cm;text-align:justify;\">\n    <span style=\"font-family:Calibri, sans-serif;font-size:11pt;\"><span style=\"font-size:12.0pt;\" lang=\"EN-US\"><\/span><\/span>\n<\/p>\n<p style=\"background-color:white;line-height:normal;margin:0cm;text-align:justify;\">\n    <span style=\"color:black;font-family:Calibri, sans-serif;font-size:12.0pt;\"><span lang=\"EN-US\" dir=\"ltr\">This recognition coincides with three major milestones: the <strong>40th anniversary<\/strong> of the release of the emblematic book <\/span><i><span lang=\"EN-US\" dir=\"ltr\">How to Make Love to a Negro Without Getting Tired<\/span><\/i><span lang=\"EN-US\" dir=\"ltr\"> (1985), a work that shook the literary scene before shining on the big screen with <strong>Isaach de Bankol\u00e9<\/strong> and <strong>Maka Kotto<\/strong> in the lead roles; the <strong>10th anniversary<\/strong> of his induction into the Acad\u00e9mie fran\u00e7aise (2015); and the <strong>21st anniversary<\/strong> of his directorial debut with his first feature film based on an original screenplay, <\/span><i><span lang=\"EN-US\" dir=\"ltr\">How to Conquer America in One Night<\/span><\/i><span lang=\"EN-US\" dir=\"ltr\"> (2004).<\/span><\/span><span style=\"font-family:Calibri, sans-serif;font-size:11pt;\"><span style=\"font-size:12.0pt;\" lang=\"EN-US\"><\/span><\/span>\n<\/p>\n<p style=\"background-color:white;line-height:normal;margin:0cm;text-align:justify;\">\n    <span style=\"font-family:Calibri, sans-serif;font-size:11pt;\"><span style=\"font-size:12.0pt;\" lang=\"EN-US\"><\/span><\/span>\n<\/p>\n<p style=\"background-color:white;line-height:normal;margin:0cm 1.35pt 0cm 0cm;text-align:justify;\">\n    <span style=\"color:black;font-family:Calibri, sans-serif;font-size:12.0pt;\"><span lang=\"EN-US\" dir=\"ltr\">\u201cCelebrating Dany Laferri\u00e8re at the 21st Montreal International Black Film Festival (MIBFF) will be a historic and deeply moving moment. For 40 years, Laferri\u00e8re has challenged conventions and embodied freedom, audacity, and the power of imagination. His work transcends borders and connects people. Honoring him at the 21st MIBFF is to celebrate literature that becomes cinema, and cinema that brings words back to life. His novel&nbsp;<\/span><i><span lang=\"EN-US\" dir=\"ltr\">How to<\/span><\/i><span lang=\"EN-US\" dir=\"ltr\">&nbsp;<\/span><i><span lang=\"EN-US\" dir=\"ltr\">Make Love to a Negro Without Getting Tired&nbsp;<\/span><\/i><span lang=\"EN-US\" dir=\"ltr\">remains, 40 years later, just as powerful. This book paved the way for a new generation of Black artists by giving a free, bold, and uncompromising voice to a reality too often marginalized. Its film adaptation marked the history of Quebec cinema, breaking taboos and imposing new representations of diversity.\u201d \u2014 <strong>Fabienne Colas<\/strong>, Founder and President of MIBFF<\/span><\/span><span style=\"font-family:Calibri, sans-serif;font-size:11pt;\"><span style=\"font-size:12.0pt;\" lang=\"EN-US\"><\/span><span style=\"font-size:12.0pt;\" lang=\"EN-US\"><\/span><\/span>\n<\/p>\n<p style=\"background-color:white;line-height:normal;margin:0cm 30.0pt 0cm 0cm;text-align:justify;\">\n    <span style=\"font-family:Calibri, sans-serif;font-size:11pt;\"><span style=\"font-size:12.0pt;\" lang=\"EN-US\"><\/span><\/span>\n<\/p>\n<p style=\"background-color:white;line-height:normal;margin:0cm;text-align:justify;\">\n    <span style=\"color:black;font-family:Calibri, sans-serif;font-size:12.0pt;\"><span lang=\"EN-US\" dir=\"ltr\">A member of the <strong>Acad\u00e9mie fran\u00e7aise since 2015<\/strong>, Dany Laferri\u00e8re is one of the most widely read francophone writers of his generation. A Quebec writer of Haitian origin, Laferri\u00e8re is the first Quebecer and the second Black man admitted to the Acad\u00e9mie fran\u00e7aise. Born in Petit-Go\u00e2ve (Haiti), <strong>Dany Laferri\u00e8re<\/strong> is a major figure of francophone, Quebec, and Haitian literature. His body of work (nearly 40 books), translated worldwide, explores memory, identity, exile, desire, and freedom, and has had a lasting impact on literature and cinema in the francophone world, from Quebec to Haiti and far beyond.<\/span><\/span><span style=\"font-family:Calibri, sans-serif;font-size:11pt;\"><span style=\"font-size:12.0pt;\" lang=\"EN-US\"><\/span><\/span>\n<\/p>\n<p style=\"background-color:white;line-height:normal;margin:0cm;text-align:justify;\">\n    <span style=\"font-family:Calibri, sans-serif;font-size:11pt;\"><span style=\"font-size:12.0pt;\" lang=\"EN-US\"><\/span><\/span>\n<\/p>\n<p style=\"background-color:white;line-height:normal;margin:0cm;text-align:justify;\">\n    <span style=\"color:black;font-family:Calibri, sans-serif;font-size:12.0pt;\"><span lang=\"EN-US\" dir=\"ltr\"><strong>Laferri\u00e8re<\/strong> has also made profound contributions to cinema: several of his works have been adapted for the screen \u2014 <\/span><i><span lang=\"EN-US\" dir=\"ltr\">On the Verge of a Fever (Le go\u00fbt des jeunes filles)&nbsp;<\/span><\/i><span lang=\"EN-US\" dir=\"ltr\">directed by John L\u2019Ecuyer, <\/span><i><span lang=\"EN-US\" dir=\"ltr\">Heading South (Vers le Sud)<\/span><\/i><span lang=\"EN-US\" dir=\"ltr\"> directed by Laurent Cantet, <\/span><i><span lang=\"EN-US\" dir=\"ltr\">How to Make Love to a Negro Without Getting Tired (Comment faire l\u2019amour avec un n\u00e8gre sans se fatiguer)<\/span><\/i><span lang=\"EN-US\" dir=\"ltr\"> directed by Jacques W. Benoit \u2014 and he has inspired numerous documentaries (<\/span><i><span lang=\"EN-US\" dir=\"ltr\">A Gentle Drifting of a Haitian Child &#8211; La d\u00e9rive douce d\u2019un enfant de Petit-Go\u00e2ve,<\/span><\/i><span lang=\"EN-US\" dir=\"ltr\"> directed by Pedro Ruiz). He directed <\/span><i><span lang=\"EN-US\" dir=\"ltr\">How to Conquer America in One Night (Comment conqu\u00e9rir l\u2019Am\u00e9rique en une nuit)<\/span><\/i><span lang=\"EN-US\" dir=\"ltr\">, his first feature film based on an original screenplay. Through his words and images, Dany Laferri\u00e8re has helped redefine Black narratives, creating a bridge between Haiti, Quebec, and the world.<\/span><\/span><span style=\"font-family:Calibri, sans-serif;font-size:11pt;\"><span style=\"font-size:12.0pt;\" lang=\"EN-US\"><\/span><\/span>\n<\/p>\n<p style=\"background-color:white;line-height:normal;margin:0cm;text-align:justify;\">\n    <span style=\"font-family:Calibri, sans-serif;font-size:11pt;\"><span style=\"font-size:12.0pt;\" lang=\"EN-US\"><\/span><\/span>\n<\/p>\n<p style=\"background-color:white;line-height:normal;margin:0cm;text-align:justify;\">\n    <span style=\"color:#833C0B;font-family:Calibri, sans-serif;font-size:12.0pt;\"><span lang=\"EN-US\" dir=\"ltr\"><strong>2025: THE YEAR OF ADAPTATIONS \u2013 LITERATURE &amp; CINEMA<\/strong><\/span><\/span>\n<\/p>\n<p style=\"background-color:white;line-height:normal;margin:0cm;text-align:justify;\">\n    <span style=\"font-family:Calibri, sans-serif;font-size:11pt;\"><strong><span style=\"color:#833C0B;font-size:12.0pt;\" lang=\"EN-US\"><\/span><\/strong><\/span>\n<\/p>\n<p style=\"background-color:white;line-height:normal;margin:0cm;text-align:justify;\">\n    <span style=\"color:black;font-family:Calibri, sans-serif;font-size:12.0pt;\"><span lang=\"EN-US\" dir=\"ltr\">MIBFF 2025 highlights the adaptation of novels into films and the intimate relationship between literature and the seventh art: cinema extends literature into images and sounds, making it tangible, audible, and shareable. Through tributes, screenings, discussions, and masterclasses, the Festival explores how literary works are transformed into collective sensory experiences.<\/span><\/span><span style=\"font-family:Calibri, sans-serif;font-size:11pt;\"><span style=\"font-size:12.0pt;\" lang=\"EN-US\"><\/span><\/span>\n<\/p>\n<p style=\"background-color:white;line-height:normal;margin:0cm;text-align:justify;\">\n    <span style=\"font-family:Calibri, sans-serif;font-size:11pt;\"><span style=\"font-size:12.0pt;\" lang=\"EN-US\"><\/span><\/span>\n<\/p>\n<p style=\"background-color:white;line-height:normal;margin:0cm;text-align:justify;\">\n    <span style=\"color:#833C0B;font-family:Calibri, sans-serif;font-size:12.0pt;\"><span lang=\"EN-US\" dir=\"ltr\"><strong>NOT TO BE MISSED WITH DANY LAFERRI\u00c8RE \u2013 HONORARY PRESIDENT OF THE 21ST MIBFF<\/strong><\/span><\/span>\n<\/p>\n<p style=\"background-color:white;line-height:normal;margin:0cm;text-align:justify;\">\n    <span style=\"font-family:Calibri, sans-serif;font-size:11pt;\"><strong><span style=\"font-size:12.0pt;\" lang=\"EN-US\"><\/span><\/strong><\/span>\n<\/p>\n<ul style=\"padding-left:48px;\">\n<li>\n<p style=\"background-color:white;line-height:normal;margin-bottom:0cm;margin-right:0cm;margin-top:0cm;text-align:justify;\">\n            <span style=\"font-family:Calibri, sans-serif;font-size:11pt;\"><span style=\"font-size:12.0pt;\" lang=\"EN-US\"><\/span><span dir=\"LTR\"><\/span><\/span><span style=\"color:black;font-family:Calibri, sans-serif;font-size:12.0pt;\"><span lang=\"EN-US\" dir=\"ltr\"><strong>Opening Night &amp; Lifetime Achievement Award to Dany Laferri\u00e8re <\/strong><\/span><\/span><span style=\"font-family:Calibri, sans-serif;font-size:11pt;\"><span style=\"font-size:12.0pt;\" lang=\"EN-US\"><\/span><\/span>\n        <\/p>\n<p style=\"background-color:white;line-height:normal;margin-bottom:0cm;margin-right:0cm;margin-top:0cm;text-align:justify;\">\n            <span style=\"color:black;font-family:Calibri, sans-serif;font-size:12.0pt;\"><span lang=\"EN-US\" dir=\"ltr\">Wednesday, September 24, 2025, 7:00 p.m. \u2014 Th\u00e9\u00e2tre Outremont (1248 Bernard Avenue West, Montreal) \u2014 <\/span><i><span lang=\"EN-US\" dir=\"ltr\">$25* (Tribute followed by the opening film)<\/span><\/i><\/span><span style=\"font-family:Calibri, sans-serif;font-size:11pt;\"><span style=\"font-size:12.0pt;\" lang=\"EN-US\"><\/span><\/span>\n        <\/p>\n<\/li>\n<\/ul>\n<p style=\"background-color:white;line-height:normal;margin:0cm;text-align:justify;\">\n    <span style=\"font-family:Calibri, sans-serif;font-size:11pt;\"><i><span style=\"font-size:12.0pt;\" lang=\"EN-US\"><\/span><\/i><\/span>\n<\/p>\n<ul style=\"padding-left:48px;\">\n<li>\n<p style=\"background-color:white;line-height:normal;margin-bottom:0cm;margin-right:0cm;margin-top:0cm;text-align:justify;\">\n            <span style=\"font-family:Calibri, sans-serif;font-size:11pt;\"><span style=\"font-size:12.0pt;\" lang=\"EN-US\"><\/span><span dir=\"LTR\"><\/span><\/span><span style=\"color:black;font-family:Calibri, sans-serif;font-size:12.0pt;\"><span lang=\"EN-US\" dir=\"ltr\"><strong>Masterclass<\/strong><\/span><\/span><br \/>\n            <span style=\"color:black;font-family:Calibri, sans-serif;font-size:12.0pt;\"><i><span lang=\"EN-US\" dir=\"ltr\">I Am a Camera: From Novel to Screen with Dany Laferri\u00e8re (French only)<\/span><\/i><\/span><span style=\"font-family:Calibri, sans-serif;font-size:11pt;\"><span style=\"font-size:12.0pt;\" lang=\"EN-US\"><\/span><\/span>\n        <\/p>\n<p style=\"background-color:white;line-height:normal;margin-bottom:0cm;margin-right:0cm;margin-top:0cm;text-align:justify;\">\n            <span style=\"color:black;font-family:Calibri, sans-serif;font-size:12.0pt;\"><span lang=\"EN-US\" dir=\"ltr\">Friday, September 26, 2025, 7:00 p.m. \u2014 Cin\u00e9ma du Mus\u00e9e \u2014 <\/span><i><span lang=\"EN-US\" dir=\"ltr\">$25*<\/span><\/i><\/span><span style=\"font-family:Calibri, sans-serif;font-size:11pt;\"><span style=\"font-size:12.0pt;\" lang=\"EN-US\"><\/span><\/span>\n        <\/p>\n<\/li>\n<\/ul>\n<p style=\"background-color:white;line-height:normal;margin:0cm;text-align:justify;\">\n    <span style=\"font-family:Calibri, sans-serif;font-size:11pt;\"><i><span style=\"font-size:12.0pt;\" lang=\"EN-US\"><\/span><\/i><\/span>\n<\/p>\n<ul style=\"padding-left:48px;\">\n<li>\n<p style=\"background-color:white;line-height:normal;margin-bottom:0cm;margin-right:0cm;margin-top:0cm;text-align:justify;\">\n            <span style=\"font-family:Calibri, sans-serif;font-size:11pt;\"><span style=\"font-size:12.0pt;\" lang=\"EN-US\"><\/span><span dir=\"LTR\"><\/span><\/span><span style=\"color:black;font-family:Calibri, sans-serif;font-size:12.0pt;\"><span lang=\"EN-US\" dir=\"ltr\"><strong>Film Retrospective around the Works of Dany Laferri\u00e8re \u2013 Online<\/strong><\/span><\/span><span style=\"font-family:Calibri, sans-serif;font-size:11pt;\"><span style=\"font-size:12.0pt;\" lang=\"EN-US\"><\/span><\/span>\n        <\/p>\n<p style=\"background-color:white;line-height:normal;margin-bottom:0cm;margin-right:0cm;margin-top:0cm;text-align:justify;\">\n            <span style=\"color:black;font-family:Calibri, sans-serif;font-size:12.0pt;\"><span lang=\"EN-US\" dir=\"ltr\">September 24\u201328, 2025 \u2014 Link via Festival website \u2014 <\/span><i><span lang=\"EN-US\" dir=\"ltr\">All-access pass $79*<\/span><\/i><\/span><span style=\"font-family:Calibri, sans-serif;font-size:11pt;\"><span style=\"font-size:12.0pt;\" lang=\"EN-US\"><\/span><\/span>\n        <\/p>\n<p style=\"background-color:white;line-height:normal;margin-bottom:0cm;margin-right:0cm;margin-top:0cm;text-align:justify;\">\n            <span style=\"font-family:Calibri, sans-serif;font-size:11pt;\"><i><span style=\"font-size:12.0pt;\" lang=\"EN-US\"><\/span><\/i><\/span>\n        <\/p>\n<\/li>\n<li>\n<p style=\"background-color:white;line-height:normal;margin-bottom:0cm;margin-right:0cm;margin-top:0cm;text-align:justify;\">\n            <span style=\"font-family:Calibri, sans-serif;font-size:11pt;\"><span style=\"font-size:12.0pt;\" lang=\"EN-US\"><\/span><span dir=\"LTR\"><\/span><\/span><span style=\"color:black;font-family:Calibri, sans-serif;font-size:12.0pt;\"><span lang=\"EN-US\" dir=\"ltr\"><strong>Book Signing of All Works by Dany Laferri\u00e8re <\/strong><\/span><\/span><span style=\"font-family:Calibri, sans-serif;font-size:11pt;\"><span style=\"font-size:12.0pt;\" lang=\"EN-US\"><\/span><\/span>\n        <\/p>\n<p style=\"background-color:white;line-height:normal;margin-bottom:0cm;margin-right:0cm;margin-top:0cm;text-align:justify;\">\n            <span style=\"color:black;font-family:Calibri, sans-serif;font-size:12.0pt;\"><span lang=\"EN-US\" dir=\"ltr\"><strong>At the MIBFF POP-UP Market &#8211; Spotlight on Other Black Artforms \u2013 Free Admission <\/strong><\/span><\/span><span style=\"font-family:Calibri, sans-serif;font-size:11pt;\"><span style=\"font-size:12.0pt;\" lang=\"EN-US\"><\/span><\/span>\n        <\/p>\n<p style=\"background-color:white;line-height:normal;margin-bottom:0cm;margin-right:0cm;margin-top:0cm;text-align:justify;\">\n            <span style=\"color:black;font-family:Calibri, sans-serif;font-size:12.0pt;\"><span lang=\"EN-US\" dir=\"ltr\">Saturday, September 27, 2025, 3:00 p.m. to 6:00 p.m. \u2014 Th\u00e9\u00e2tre Colas (formerly Th\u00e9\u00e2tre Cartier: 3990 Notre-Dame Street West, Montreal)<\/span><\/span><span style=\"font-family:Calibri, sans-serif;font-size:11pt;\"><span style=\"font-size:12.0pt;\" lang=\"EN-US\"><\/span><\/span>\n        <\/p>\n<p style=\"background-color:white;line-height:normal;margin-bottom:0cm;margin-right:0cm;margin-top:0cm;text-align:justify;\">\n            <span style=\"font-family:Calibri, sans-serif;font-size:11pt;\"><span style=\"font-size:12.0pt;\" lang=\"EN-US\"><\/span><\/span>\n        <\/p>\n<\/li>\n<\/ul>\n<p style=\"background-color:white;line-height:normal;margin:0cm;text-align:justify;\">\n    <span style=\"color:black;font-family:Calibri, sans-serif;font-size:12.0pt;\"><i><span lang=\"EN-US\" dir=\"ltr\">All prices are subject to taxes and fees.<\/span><\/i><\/span><span style=\"font-family:Calibri, sans-serif;font-size:11pt;\"><i><span style=\"font-size:12.0pt;\" lang=\"EN-US\"><\/span><\/i><\/span>\n<\/p>\n<p style=\"background-color:white;line-height:normal;margin:0cm;text-align:justify;\">\n    <span style=\"font-family:Calibri, sans-serif;font-size:11pt;\"><span style=\"font-size:12.0pt;\" lang=\"EN-US\"><\/span><\/span>\n<\/p>\n<p style=\"background-color:white;line-height:normal;margin:0cm;text-align:justify;\">\n    <span style=\"color:black;font-family:Calibri, sans-serif;font-size:12.0pt;\"><span lang=\"EN-US\" dir=\"ltr\">Tickets, passes, full schedule, and media accreditation:<\/span><\/span><a target=\"_blank\" rel=\"noopener noreferrer\" href=\"https:\/\/www.montrealblackfilm.com\/\"><span style=\"color:black;font-family:Calibri, sans-serif;font-size:12.0pt;\"><span style=\"text-decoration:none;text-underline:none;\" lang=\"FR-CA\" dir=\"ltr\">&nbsp;<\/span><\/span><span style=\"color:#1155CC;font-family:Calibri, sans-serif;font-size:12.0pt;\"><span lang=\"EN-US\" dir=\"ltr\">www.MontrealBlackFilm.com<\/span><\/span><\/a><span style=\"font-family:Calibri, sans-serif;font-size:11pt;\"><u><span style=\"color:#1155CC;font-size:12.0pt;\" lang=\"EN-US\"><\/span><\/u><\/span>\n<\/p>\n<p style=\"background-color:white;line-height:normal;margin:0cm;text-align:center;\">\n    <span style=\"font-family:Calibri, sans-serif;font-size:11pt;\"><strong><span style=\"font-size:12.0pt;\" lang=\"EN-US\"><\/span><\/strong><\/span>\n<\/p>\n<p style=\"background-color:white;line-height:normal;margin:0cm;text-align:center;\">\n    <span style=\"color:black;font-family:Calibri, sans-serif;font-size:12.0pt;\"><span lang=\"EN-US\" dir=\"ltr\"><strong>21st Montreal International Black Film Festival \u2013 Created by the Fabienne Colas Foundation<\/strong><\/span><\/span><br \/>\n    <span style=\"color:black;font-family:Calibri, sans-serif;font-size:12.0pt;\"><span lang=\"EN-US\" dir=\"ltr\">&nbsp;September 24 to 28, 2025 \u2013<\/span><\/span><a target=\"_blank\" rel=\"noopener noreferrer\" href=\"https:\/\/www.montrealblackfilm.com\/\"><span style=\"color:black;font-family:Calibri, sans-serif;font-size:12.0pt;\"><span style=\"text-decoration:none;text-underline:none;\" lang=\"FR-CA\" dir=\"ltr\">&nbsp;<\/span><\/span><span style=\"color:#1155CC;font-family:Calibri, sans-serif;font-size:12.0pt;\"><span lang=\"EN-US\" dir=\"ltr\">www.MontrealBlackFilm.com<\/span><\/span><\/a><span style=\"font-family:Calibri, sans-serif;font-size:11pt;\"><u><span style=\"color:#1155CC;font-size:12.0pt;\" lang=\"EN-US\"><\/span><\/u><\/span>\n<\/p>\n<p style=\"background-color:white;line-height:normal;margin:0cm;text-align:justify;\">\n    <span style=\"font-family:Calibri, sans-serif;font-size:11pt;\"><span style=\"font-size:12.0pt;\" lang=\"EN-US\"><\/span><\/span>\n<\/p>\n<h2 style=\"break-after:avoid;font-weight:normal;line-height:normal;margin:0cm;page-break-after:auto;\">\n    <span style=\"color:#833C0B;font-family:&quot;Calibri&quot;,sans-serif;font-size:12.0pt;\"><span lang=\"EN-US\" dir=\"ltr\"><strong>ABOUT THE MONTREAL INTERNATIONAL BLACK FILM FESTIVAL (MIBFF)<\/strong><\/span><\/span><br \/>\n<\/h2>\n<p style=\"line-height:normal;margin:0cm;text-align:justify;\">\n    <span style=\"font-family:Calibri, sans-serif;font-size:11pt;\"><span style=\"font-size:12.0pt;\" lang=\"EN-US\"><\/span><\/span>\n<\/p>\n<p style=\"line-height:normal;margin:0cm;text-align:justify;\">\n    <span style=\"font-family:Calibri, sans-serif;font-size:12.0pt;\"><span lang=\"EN-US\" dir=\"ltr\">Created in 2005 by the <strong>Fabienne Colas Foundation<\/strong>, the <strong>Montreal International Black Film Festival (MIBFF)<\/strong> is currently the largest Canadian film festival entirely dedicated to Black realities from all four corners of the world. It aims to offer the public the most spectacular productions in Black cinema and debate the great cultural, social, and socio-economic issues facing society. The MIBFF goal is to promote the development of the independent film industry and showcase more films depicting Black realities around the world. The festival seeks to prioritize local and international films that do not necessarily come under the spotlight, a new cinema that moves its audience and raises awareness \u2013 and a few eyebrows. In so doing, the MIBFF addresses issues and showcases art that makes you think and smile, provokes, bewilders, and shocks you \u2013 a new, fresh look at Black cinema from all parts of the globe!<\/span><\/span>\n<\/p>\n<p style=\"background-color:white;line-height:normal;margin:0cm;text-align:justify;\">\n    <span style=\"font-family:Calibri, sans-serif;font-size:11pt;\"><span style=\"font-size:12.0pt;\" lang=\"EN-US\"><\/span><\/span>\n<\/p>\n<p style=\"background-color:white;line-height:normal;margin:0cm;text-align:justify;\">\n    <span style=\"color:black;font-family:Calibri, sans-serif;font-size:12.0pt;\"><span lang=\"FR-CA\" dir=\"ltr\"><strong>Interviews and information:<\/strong><\/span><\/span><span style=\"font-family:Calibri, sans-serif;font-size:11pt;\"><strong><span style=\"font-size:12.0pt;\" lang=\"FR-CA\"><\/span><\/strong><\/span>\n<\/p>\n<p style=\"background-color:white;line-height:normal;margin:0cm;text-align:justify;\">\n    <span style=\"color:black;font-family:Calibri, sans-serif;font-size:12.0pt;\"><span lang=\"FR-CA\" dir=\"ltr\">Marilyne Levesque, Marelle Communications<\/span><\/span><span style=\"font-family:Calibri, sans-serif;font-size:11pt;\"><span style=\"font-size:12.0pt;\" lang=\"FR-CA\"><\/span><\/span>\n<\/p>\n<p style=\"background-color:white;line-height:normal;margin:0cm;text-align:justify;\">\n    <a href=\"mailto:mlevesque@marellecommunications.com\"><span style=\"color:black;font-family:Calibri, sans-serif;font-size:12.0pt;\"><span lang=\"FR-CA\" dir=\"ltr\">mlevesque@marellecommunications.com<\/span><\/span><\/a><span style=\"color:black;font-family:Calibri, sans-serif;font-size:12.0pt;\"><span lang=\"FR-CA\" dir=\"ltr\"> &#8211; 514-884-6351<\/span><\/span><span style=\"font-family:Calibri, sans-serif;font-size:11pt;\"><span lang=\"FR-CA\"><\/span><\/span><\/p>\n","protected":false},"excerpt":{"rendered":"<p>DANY LAFERRI\u00c8RE \u2013 HONORARY PRESIDENT OF THE 21ST MIBFF \u2013 TO RECEIVE THE 2025 LIFETIME ACHIEVEMENT AWARD&nbsp; &nbsp; The Montreal International Black Film Festival \u2013 MIBFF (September 24\u201328, 2025) celebrates 40 years of literary career, 10 years at the Acad\u00e9mie fran\u00e7aise, and Laferri\u00e8re\u2019s imprint on cinema &nbsp; Montreal, August 26, 2025 \u2014 The Montreal International [&hellip;]<\/p>\n","protected":false},"author":11,"featured_media":29683,"comment_status":"closed","ping_status":"closed","sticky":false,"template":"","format":"standard","meta":{"_et_pb_use_builder":"","_et_pb_old_content":"","_et_gb_content_width":"","footnotes":""},"categories":[8,7],"tags":[],"class_list":["post-29681","post","type-post","status-publish","format-standard","has-post-thumbnail","hentry","category-news","category-press-releases"],"_links":{"self":[{"href":"https:\/\/montrealblackfilm.com\/en\/wp-json\/wp\/v2\/posts\/29681","targetHints":{"allow":["GET"]}}],"collection":[{"href":"https:\/\/montrealblackfilm.com\/en\/wp-json\/wp\/v2\/posts"}],"about":[{"href":"https:\/\/montrealblackfilm.com\/en\/wp-json\/wp\/v2\/types\/post"}],"author":[{"embeddable":true,"href":"https:\/\/montrealblackfilm.com\/en\/wp-json\/wp\/v2\/users\/11"}],"replies":[{"embeddable":true,"href":"https:\/\/montrealblackfilm.com\/en\/wp-json\/wp\/v2\/comments?post=29681"}],"version-history":[{"count":0,"href":"https:\/\/montrealblackfilm.com\/en\/wp-json\/wp\/v2\/posts\/29681\/revisions"}],"wp:featuredmedia":[{"embeddable":true,"href":"https:\/\/montrealblackfilm.com\/en\/wp-json\/wp\/v2\/media\/29683"}],"wp:attachment":[{"href":"https:\/\/montrealblackfilm.com\/en\/wp-json\/wp\/v2\/media?parent=29681"}],"wp:term":[{"taxonomy":"category","embeddable":true,"href":"https:\/\/montrealblackfilm.com\/en\/wp-json\/wp\/v2\/categories?post=29681"},{"taxonomy":"post_tag","embeddable":true,"href":"https:\/\/montrealblackfilm.com\/en\/wp-json\/wp\/v2\/tags?post=29681"}],"curies":[{"name":"wp","href":"https:\/\/api.w.org\/{rel}","templated":true}]}}