
{"id":30029,"date":"2025-09-29T15:10:31","date_gmt":"2025-09-29T19:10:31","guid":{"rendered":"https:\/\/montrealblackfilm.com\/?p=30029"},"modified":"2025-09-29T15:10:31","modified_gmt":"2025-09-29T19:10:31","slug":"frantz-fanon-amakki-blanche-sunset-and-the-mockingbird-receive-top-honour-at-the-21st-montreal-international-black-film-festival-mibff","status":"publish","type":"post","link":"https:\/\/montrealblackfilm.com\/en\/frantz-fanon-amakki-blanche-sunset-and-the-mockingbird-receive-top-honour-at-the-21st-montreal-international-black-film-festival-mibff\/","title":{"rendered":"FRANTZ FANON, AMAKKI, BLANCHE &#038; SUNSET AND THE MOCKINGBIRD  Receive Top Honour at the 21st Montreal International Black Film Festival (MIBFF)"},"content":{"rendered":"<p style=\"background-color:white;border-style:none;line-height:normal;margin:0cm;text-align:center;\">\n    <span style=\"color:black;font-family:Roboto;font-size:10.5pt;\"><span lang=\"EN-US\" dir=\"ltr\"><strong>FRANTZ FANON<\/strong>,<strong>&nbsp;AMAKKI,<\/strong>&nbsp;<strong>BLANCHE<\/strong>&nbsp;&amp;&nbsp;<strong>SUNSET AND THE MOCKINGBIRD<\/strong>&nbsp;<\/span><\/span>\n<\/p>\n<p style=\"background-color:white;border-style:none;line-height:normal;margin:0cm;text-align:center;\">\n    <span style=\"color:black;font-family:Roboto;font-size:10.5pt;\"><span lang=\"EN-US\" dir=\"ltr\">Receive Top Honour at the 21st Montreal International Black Film Festival (MIBFF)<\/span><\/span>\n<\/p>\n<p style=\"background-color:white;border-style:none;line-height:normal;margin:0cm;text-align:center;\">\n    <a target=\"_blank\" rel=\"noopener noreferrer\" href=\"https:\/\/www.montrealblackfilm.com\/\"><span style=\"color:#188980;font-family:Roboto;font-size:10.5pt;\"><span lang=\"EN-US\" dir=\"ltr\">www.montrealblackfilm.com<\/span><\/span><\/a><span style=\"font-family:Calibri, sans-serif;font-size:11pt;\"><span style=\"color:#666666;font-family:Roboto;font-size:10.5pt;\" lang=\"EN-US\"><\/span><\/span>\n<\/p>\n<p style=\"background-color:white;border-style:none;line-height:normal;margin:0cm;text-align:center;\">\n    <span style=\"color:#666666;font-family:Roboto;font-size:10.5pt;\"><span lang=\"EN-US\" dir=\"ltr\">&nbsp;<\/span><\/span>\n<\/p>\n<p style=\"background-color:white;border-style:none;line-height:normal;margin:0cm;text-align:justify;\">\n    <span style=\"color:black;font-family:Roboto;font-size:10.5pt;\"><i><span lang=\"EN-US\" dir=\"ltr\">Montreal, September 29, 2025<\/span><\/i><span lang=\"EN-US\" dir=\"ltr\"><strong>&nbsp;<\/strong>\u2013 The&nbsp;<strong>Montreal International Black Film Festival (MIBFF),<\/strong>&nbsp;created by the&nbsp;<strong>Fabienne Colas Foundation<\/strong>, has proudly closed its 21st edition with Kalidou Sy\u2019s film <\/span><i><span lang=\"EN-US\" dir=\"ltr\"><strong>Yambo Ouologuem, La blessure<\/strong><\/span><\/i><span lang=\"EN-US\" dir=\"ltr\">.&nbsp;<\/span><\/span>\n<\/p>\n<p style=\"background-color:white;border-style:none;line-height:normal;margin:0cm;text-align:justify;\">\n    <span style=\"font-family:Calibri, sans-serif;font-size:11pt;\"><span style=\"color:black;font-family:Roboto;font-size:10.5pt;\" lang=\"EN-US\"><\/span><\/span>\n<\/p>\n<p style=\"background-color:white;border-style:none;line-height:normal;margin:0cm;text-align:justify;\">\n    <span style=\"color:black;font-family:Roboto;font-size:10.5pt;\"><span lang=\"EN-US\" dir=\"ltr\">In addition to a vibrant tribute to its Honorary President <strong>Dany Laferri\u00e8re<\/strong> at the Festival\u2019s Opening Night &#8211; followed by Nia DaCosta\u2019s film <\/span><i><span lang=\"EN-US\" dir=\"ltr\"><strong>Hedda<\/strong> &#8211;&nbsp;<\/span><\/i><span lang=\"EN-US\" dir=\"ltr\">the #MIBFF25 celebrated Diversity through 70 films from 20 countries, including nearly 40 Canadian titles and 44 premieres; various industry activities at the M<strong>IBFF\u2019s Black Market<\/strong> <\/span><i><span lang=\"EN-US\" dir=\"ltr\">(pitches, panels, masterclasses, conferences, networking\u2026)<\/span><\/i><span lang=\"EN-US\" dir=\"ltr\">; free community movie-talks across different Montreal neighborhoods through <strong>MIBFF in the Neighbourhoods<\/strong>; a <strong>Pop-up Market<\/strong> showcasing local arts and artisans; an Open House at <strong>Th\u00e9\u00e2tre Colas<\/strong> <\/span><i><span lang=\"EN-US\" dir=\"ltr\">(formerly Th\u00e9\u00e2tre Cartier, 3990 Notre-Dame Street West)<\/span><\/i><span lang=\"EN-US\" dir=\"ltr\">; and much more.<\/span><\/span>\n<\/p>\n<p style=\"background-color:white;border-style:none;line-height:normal;margin:0cm;\">\n    <span style=\"font-family:Calibri, sans-serif;font-size:11pt;\"><span style=\"color:black;font-family:Roboto;font-size:10.5pt;\" lang=\"EN-US\"><\/span><\/span>\n<\/p>\n<p style=\"background-color:white;border-style:none;line-height:normal;margin:0cm;\">\n    <span style=\"color:black;font-family:Roboto;font-size:10.5pt;\"><span lang=\"EN-US\" dir=\"ltr\">During this hybrid edition of the festival, a professional jury evaluated the films in competition according to a series of selection criteria. While all the selected films were outstanding, the following really stood out:<\/span><\/span><span style=\"font-family:Calibri, sans-serif;font-size:11pt;\"><span style=\"font-family:Roboto;font-size:10.5pt;\" lang=\"EN-US\"><\/span><\/span>\n<\/p>\n<p style=\"background-color:white;border-style:none;line-height:normal;margin:0cm;text-align:center;\">\n    <span style=\"color:black;font-family:Roboto;font-size:10.5pt;\"><span lang=\"EN-US\" dir=\"ltr\">&nbsp;<\/span><\/span><span style=\"font-family:Calibri, sans-serif;font-size:11pt;\"><span style=\"font-family:Roboto;font-size:10.5pt;\" lang=\"EN-US\"><\/span><\/span>\n<\/p>\n<p style=\"background-color:white;border-style:none;line-height:normal;margin:0cm;\">\n    <span style=\"color:black;font-family:Roboto;font-size:10.5pt;\"><span lang=\"EN-US\" dir=\"ltr\">BEST NARRATIVE FEATURE:&nbsp;<\/span><\/span><span style=\"background-color:white;color:black;font-family:Roboto;font-size:10.5pt;\"><span lang=\"EN-US\" dir=\"ltr\"><strong>FRANTZ FANON&nbsp;<\/strong>by Abdenour Zahzah<strong>&nbsp;<\/strong>(Algeria, France)<\/span><\/span><span style=\"font-family:Calibri, sans-serif;font-size:11pt;\"><span style=\"font-family:Roboto;font-size:10.5pt;\" lang=\"EN-US\"><\/span><\/span>\n<\/p>\n<p style=\"background-color:white;border-style:none;line-height:normal;margin:0cm;\">\n    <span style=\"font-family:Calibri, sans-serif;font-size:11pt;\"><span style=\"font-family:Roboto;font-size:10.5pt;\" lang=\"EN-US\"><\/span><\/span>\n<\/p>\n<p style=\"background-color:white;border-style:none;line-height:normal;margin:0cm;\">\n    <span style=\"color:black;font-family:Roboto;font-size:10.5pt;\"><span lang=\"EN-US\" dir=\"ltr\">BEST DOCUMENTARY FEATURE:&nbsp;<strong>AMMAKI<\/strong> (Ta Maman)<\/span><\/span><span style=\"background-color:white;color:black;font-family:Roboto;font-size:10.5pt;\"><span lang=\"EN-US\" dir=\"ltr\"><strong>&nbsp;<\/strong>by Celia Boussebaa <strong>(<\/strong>Ethiopia)<\/span><\/span><span style=\"font-family:Calibri, sans-serif;font-size:11pt;\"><span style=\"font-family:Roboto;font-size:10.5pt;\" lang=\"EN-US\"><\/span><\/span>\n<\/p>\n<p style=\"background-color:white;border-style:none;line-height:normal;margin:0cm;\">\n    <span style=\"color:black;font-family:Roboto;font-size:10.5pt;\"><span lang=\"EN-US\" dir=\"ltr\">HONOURABLE MENTION (Documentary Feature):&nbsp;<\/span><\/span><span style=\"background-color:white;color:black;font-family:Roboto;font-size:10.5pt;\"><span lang=\"EN-US\" dir=\"ltr\"><strong>WE WANT THE FUNK&nbsp;<\/strong>by Stanley Nelson &amp; Nicole London (USA)<\/span><\/span><span style=\"font-family:Calibri, sans-serif;font-size:11pt;\"><span style=\"background-color:white;font-family:Roboto;font-size:10.5pt;\" lang=\"EN-US\"><\/span><\/span>\n<\/p>\n<p style=\"background-color:white;border-style:none;line-height:normal;margin:0cm;\">\n    <span style=\"font-family:Calibri, sans-serif;font-size:11pt;\"><strong><span style=\"background-color:yellow;font-family:Roboto;font-size:10.5pt;\" lang=\"EN-US\"><\/span><\/strong><\/span>\n<\/p>\n<p style=\"background-color:white;border-style:none;line-height:normal;margin:0cm;\">\n    <span style=\"font-family:Calibri, sans-serif;font-size:11pt;\"><span style=\"font-family:Roboto;font-size:10.5pt;\" lang=\"EN-US\"><\/span><\/span>\n<\/p>\n<p style=\"background-color:white;border-style:none;line-height:normal;margin:0cm;\">\n    <span style=\"color:black;font-family:Roboto;font-size:10.5pt;\"><span lang=\"EN-US\" dir=\"ltr\">BEST NARRATIVE SHORT FILM:&nbsp;<\/span><\/span><span style=\"background-color:white;color:black;font-family:Roboto;font-size:10.5pt;\"><span lang=\"EN-US\" dir=\"ltr\"><strong>BLANCHE<\/strong> by Joanne Rakotoarisoa (France)<\/span><\/span><span style=\"font-family:Calibri, sans-serif;font-size:11pt;\"><span style=\"font-family:Roboto;font-size:10.5pt;\" lang=\"EN-US\"><\/span><\/span>\n<\/p>\n<p style=\"background-color:white;border-style:none;line-height:normal;margin:0cm;\">\n    <span style=\"color:black;font-family:Roboto;font-size:10.5pt;\"><span lang=\"EN-US\" dir=\"ltr\">HONOURABLE MENTION (Narrative Short Film):&nbsp;<\/span><\/span><span style=\"background-color:white;color:black;font-family:Roboto;font-size:10.5pt;\"><span lang=\"EN-US\" dir=\"ltr\"><strong>CUMING OUT&nbsp;<\/strong>by Jasmin J. Johnson (USA)<\/span><\/span><span style=\"font-family:Calibri, sans-serif;font-size:11pt;\"><span style=\"font-family:Roboto;font-size:10.5pt;\" lang=\"EN-US\"><\/span><\/span>\n<\/p>\n<p style=\"background-color:white;border-style:none;line-height:normal;margin:0cm;\">\n    <span style=\"font-family:Calibri, sans-serif;font-size:11pt;\"><span style=\"font-family:Roboto;font-size:10.5pt;\" lang=\"EN-US\"><\/span><\/span>\n<\/p>\n<p style=\"background-color:white;border-style:none;line-height:normal;margin:0cm;\">\n    <span style=\"color:black;font-family:Roboto;font-size:10.5pt;\"><span lang=\"EN-US\" dir=\"ltr\">BEST DOCUMENTARY SHORT FILM: <\/span><\/span><span style=\"background-color:white;color:black;font-family:Roboto;font-size:10.5pt;\"><span lang=\"EN-US\" dir=\"ltr\"><strong>SUNSET AND THE MOCKINGBIRD&nbsp;<\/strong>by Jyllian GUNTHER (USA)<\/span><\/span><span style=\"font-family:Calibri, sans-serif;font-size:11pt;\"><span style=\"font-family:Roboto;font-size:10.5pt;\" lang=\"EN-US\"><\/span><\/span>\n<\/p>\n<p style=\"background-color:white;border-style:none;line-height:normal;margin:0cm;\">\n    <span style=\"color:black;font-family:Roboto;font-size:10.5pt;\"><span lang=\"EN-US\" dir=\"ltr\">HONOURABLE MENTION (Documentary Short Film):&nbsp;<\/span><\/span><span style=\"background-color:white;color:black;font-family:Roboto;font-size:10.5pt;\"><span lang=\"EN-US\" dir=\"ltr\"><strong>MAHAMMOUD&#8217;S MERCEDES&nbsp;<\/strong>by Eager (Sweden)<\/span><\/span><span style=\"font-family:Calibri, sans-serif;font-size:11pt;\"><span style=\"font-family:Roboto;font-size:10.5pt;\" lang=\"EN-US\"><\/span><\/span>\n<\/p>\n<p style=\"background-color:white;border-style:none;line-height:normal;margin:0cm;\">\n    <span style=\"color:black;font-family:Roboto;font-size:10.5pt;\"><span lang=\"EN-US\" dir=\"ltr\"><strong>&nbsp;<\/strong><\/span><\/span><span style=\"font-family:Calibri, sans-serif;font-size:11pt;\"><span style=\"font-family:Roboto;font-size:10.5pt;\" lang=\"EN-US\"><\/span><\/span>\n<\/p>\n<p style=\"background-color:white;border-style:none;line-height:normal;margin:0cm;\">\n    <span style=\"color:black;font-family:Roboto;font-size:10.5pt;\"><span lang=\"EN-US\" dir=\"ltr\"><strong>JURY MEMBERS<\/strong><\/span><\/span><span style=\"font-family:Calibri, sans-serif;font-size:11pt;\"><span style=\"font-family:Roboto;font-size:10.5pt;\" lang=\"EN-US\"><\/span><\/span>\n<\/p>\n<p style=\"background-color:white;border-style:none;line-height:normal;margin:0cm;\">\n    <span style=\"color:black;font-family:Roboto;font-size:10.5pt;\"><span lang=\"EN-US\" dir=\"ltr\"><strong>Narrative Features:<\/strong>&nbsp;President \u2013 Gavin Seal, Myriam Charles, Karl R. Hearne<\/span><\/span><span style=\"font-family:Calibri, sans-serif;font-size:11pt;\"><span style=\"font-family:Roboto;font-size:10.5pt;\" lang=\"EN-US\"><\/span><\/span>\n<\/p>\n<p style=\"background-color:white;border-style:none;line-height:normal;margin:0cm;\">\n    <span style=\"color:black;font-family:Roboto;font-size:10.5pt;\"><span lang=\"FR-CA\" dir=\"ltr\"><strong>Documentary Features:<\/strong>&nbsp;President \u2013 Marie-H\u00e9l\u00e8ne Cousineau, Jean-Herv\u00e9 D\u00e9sir\u00e9, Diana Goudrouffe<\/span><\/span><span style=\"font-family:Calibri, sans-serif;font-size:11pt;\"><span style=\"font-family:Roboto;font-size:10.5pt;\" lang=\"FR-CA\"><\/span><\/span>\n<\/p>\n<p style=\"background-color:white;border-style:none;line-height:normal;margin:0cm;\">\n    <span style=\"color:black;font-family:Roboto;font-size:10.5pt;\"><span lang=\"EN-US\" dir=\"ltr\"><strong>Short narratives and short documentaries:<\/strong>&nbsp;President \u2013&nbsp;Phyllis Gouden, Samuel Suffren, Jean-Bastien Niyigaruye<\/span><\/span><span style=\"font-family:Calibri, sans-serif;font-size:11pt;\"><span style=\"font-family:Roboto;font-size:10.5pt;\" lang=\"EN-US\"><\/span><\/span>\n<\/p>\n<p style=\"background-color:white;border-style:none;line-height:normal;margin:0cm;\">\n    <span style=\"font-family:Calibri, sans-serif;font-size:11pt;\"><span style=\"font-family:Roboto;font-size:10.5pt;\" lang=\"EN-US\"><\/span><\/span>\n<\/p>\n<p style=\"background-color:white;border-style:none;line-height:normal;margin:0cm;text-align:center;\">\n    &nbsp;\n<\/p>\n<p style=\"background-color:white;border-style:none;line-height:normal;margin:0cm;text-align:center;\">\n    <span style=\"color:black;font-family:Roboto;font-size:10.5pt;\"><span lang=\"EN-US\" dir=\"ltr\">The&nbsp;<strong>22nd annual Montreal International Black Film Festival (MIBFF)&nbsp;<\/strong>will take place from&nbsp;<strong>September 30 to October 4, 2026<\/strong>.<\/span><\/span><span style=\"color:#666666;font-family:Roboto;font-size:10.5pt;\"><span lang=\"EN-US\" dir=\"ltr\">&nbsp;<\/span><\/span>\n<\/p>\n<p style=\"background-color:white;border-style:none;line-height:normal;margin:0cm;\">\n    <span style=\"color:#666666;font-family:Roboto;font-size:10.5pt;\"><span lang=\"EN-US\" dir=\"ltr\">&nbsp;<\/span><\/span>\n<\/p>\n<p style=\"background-color:white;border-style:none;line-height:normal;margin:0cm;text-align:center;\">\n    <span style=\"color:black;font-family:Roboto;font-size:10.5pt;\"><span lang=\"EN-US\" dir=\"ltr\"><strong>Get Social \u2013 #MIBFF25<\/strong><\/span><\/span><br \/>\n    <a target=\"_blank\" rel=\"noopener noreferrer\" href=\"http:\/\/facebook.com\/BlackFilmFestival\"><span style=\"color:#188980;font-family:Roboto;font-size:10.5pt;\"><span style=\"text-decoration:none;text-underline:none;\" lang=\"EN-US\" dir=\"ltr\"><strong>Facebook<\/strong><\/span><\/span><\/a><span style=\"color:#666666;font-family:Roboto;font-size:10.5pt;\"><span lang=\"EN-US\" dir=\"ltr\"><strong>&nbsp;|&nbsp;<\/strong><\/span><\/span><a target=\"_blank\" rel=\"noopener noreferrer\" href=\"https:\/\/twitter.com\/filmblackmtl\"><span style=\"color:#188980;font-family:Roboto;font-size:10.5pt;\"><span style=\"text-decoration:none;text-underline:none;\" lang=\"EN-US\" dir=\"ltr\"><strong>Twitter<\/strong><\/span><\/span><\/a><span style=\"color:#666666;font-family:Roboto;font-size:10.5pt;\"><span lang=\"EN-US\" dir=\"ltr\"><strong>&nbsp;|&nbsp;<\/strong><\/span><\/span><a target=\"_blank\" rel=\"noopener noreferrer\" href=\"https:\/\/www.instagram.com\/montrealblackfilmfest\/\"><span style=\"color:#188980;font-family:Roboto;font-size:10.5pt;\"><span style=\"text-decoration:none;text-underline:none;\" lang=\"EN-US\" dir=\"ltr\"><strong>Instagram<\/strong><\/span><\/span><\/a><span style=\"font-family:Calibri, sans-serif;font-size:11pt;\"><span style=\"color:#666666;font-family:Roboto;font-size:10.5pt;\" lang=\"EN-US\"><\/span><\/span>\n<\/p>\n<p style=\"background-color:white;border-style:none;line-height:normal;margin:0cm;\">\n    <span style=\"color:#666666;font-family:Roboto;font-size:10.5pt;\"><span lang=\"EN-US\" dir=\"ltr\">&nbsp;<\/span><\/span>\n<\/p>\n<p style=\"background-color:white;border-style:none;line-height:normal;margin:0cm;\">\n    <span style=\"color:black;font-family:Roboto;font-size:10.5pt;\"><span lang=\"EN-US\" dir=\"ltr\"><strong>About the Montreal International Black Film Festival (MIBFF)<\/strong><\/span><\/span><span style=\"font-family:Calibri, sans-serif;font-size:11pt;\"><span style=\"color:black;font-family:Roboto;font-size:10.5pt;\" lang=\"EN-US\"><\/span><\/span>\n<\/p>\n<p style=\"background-color:white;border-style:none;line-height:normal;margin:0cm;text-align:justify;\">\n    <span style=\"color:black;font-family:Roboto;font-size:10.5pt;\"><span lang=\"EN-US\" dir=\"ltr\">Created in 2005 by the Fabienne Colas Foundation, the&nbsp;<\/span><\/span><a target=\"_blank\" rel=\"noopener noreferrer\" href=\"https:\/\/montrealblackfilm.com\/en\/\"><span style=\"color:#188980;font-family:Roboto;font-size:10.5pt;\"><span lang=\"EN-US\" dir=\"ltr\">Montreal International Black Film Festival (MIBFF)<\/span><\/span><\/a><span style=\"color:black;font-family:Roboto;font-size:10.5pt;\"><span lang=\"EN-US\" dir=\"ltr\">&nbsp;is currently the&nbsp;largest&nbsp;Canadian film festival entirely dedicated to black realities from all four corners of the world. It aims to offer the public the most spectacular productions in black cinema and debate the great cultural, social, and socio-economic issues facing society. The MIBFF goal is to promote the development of the independent film industry and showcase more films depicting black realities around the world. The festival seeks to prioritize local and international films that do not necessarily come under the spotlight, a new cinema that moves its audience and raises awareness \u2013 and a few eyebrows. In so doing, the MIBFF addresses issues and showcases art that makes you think and smile, provokes, bewilders, and shocks you \u2013 a&nbsp; fresh, new look at Black cinema from all parts of the globe!<\/span><\/span>\n<\/p>\n<p style=\"background-color:white;border-style:none;line-height:normal;margin:0cm;text-align:center;\">\n    &nbsp;\n<\/p>\n<p style=\"background-color:white;border-style:none;line-height:normal;margin:0cm;\">\n    <span style=\"color:black;font-family:Roboto;font-size:10.5pt;\"><span lang=\"EN-US\" dir=\"ltr\">&nbsp;<\/span><\/span>\n<\/p>\n<p style=\"background-color:white;border-style:none;line-height:normal;margin:0cm;\">\n    <span style=\"color:black;font-family:Roboto;font-size:10.5pt;\"><span lang=\"EN-US\" dir=\"ltr\">Source: Montreal International Black Film Festival \u2013 www.MontrealBlackFilm.com<\/span><\/span><\/p>\n","protected":false},"excerpt":{"rendered":"<p>FRANTZ FANON,&nbsp;AMAKKI,&nbsp;BLANCHE&nbsp;&amp;&nbsp;SUNSET AND THE MOCKINGBIRD&nbsp; Receive Top Honour at the 21st Montreal International Black Film Festival (MIBFF) www.montrealblackfilm.com &nbsp; Montreal, September 29, 2025&nbsp;\u2013 The&nbsp;Montreal International Black Film Festival (MIBFF),&nbsp;created by the&nbsp;Fabienne Colas Foundation, has proudly closed its 21st edition with Kalidou Sy\u2019s film Yambo Ouologuem, La blessure.&nbsp; In addition to a vibrant tribute to its [&hellip;]<\/p>\n","protected":false},"author":11,"featured_media":29836,"comment_status":"closed","ping_status":"closed","sticky":false,"template":"","format":"standard","meta":{"_et_pb_use_builder":"","_et_pb_old_content":"","_et_gb_content_width":"","footnotes":""},"categories":[8,7],"tags":[],"class_list":["post-30029","post","type-post","status-publish","format-standard","has-post-thumbnail","hentry","category-news","category-press-releases"],"_links":{"self":[{"href":"https:\/\/montrealblackfilm.com\/en\/wp-json\/wp\/v2\/posts\/30029","targetHints":{"allow":["GET"]}}],"collection":[{"href":"https:\/\/montrealblackfilm.com\/en\/wp-json\/wp\/v2\/posts"}],"about":[{"href":"https:\/\/montrealblackfilm.com\/en\/wp-json\/wp\/v2\/types\/post"}],"author":[{"embeddable":true,"href":"https:\/\/montrealblackfilm.com\/en\/wp-json\/wp\/v2\/users\/11"}],"replies":[{"embeddable":true,"href":"https:\/\/montrealblackfilm.com\/en\/wp-json\/wp\/v2\/comments?post=30029"}],"version-history":[{"count":0,"href":"https:\/\/montrealblackfilm.com\/en\/wp-json\/wp\/v2\/posts\/30029\/revisions"}],"wp:featuredmedia":[{"embeddable":true,"href":"https:\/\/montrealblackfilm.com\/en\/wp-json\/wp\/v2\/media\/29836"}],"wp:attachment":[{"href":"https:\/\/montrealblackfilm.com\/en\/wp-json\/wp\/v2\/media?parent=30029"}],"wp:term":[{"taxonomy":"category","embeddable":true,"href":"https:\/\/montrealblackfilm.com\/en\/wp-json\/wp\/v2\/categories?post=30029"},{"taxonomy":"post_tag","embeddable":true,"href":"https:\/\/montrealblackfilm.com\/en\/wp-json\/wp\/v2\/tags?post=30029"}],"curies":[{"name":"wp","href":"https:\/\/api.w.org\/{rel}","templated":true}]}}